{"id":4459,"date":"2021-09-27T12:44:00","date_gmt":"2021-09-27T10:44:00","guid":{"rendered":"http:\/\/www.badenhaus.it\/catalogue-2021\/"},"modified":"2022-04-10T16:55:01","modified_gmt":"2022-04-10T14:55:01","slug":"catalogue-2021","status":"publish","type":"post","link":"https:\/\/www.badenhaus.it\/fr\/catalogue-2021\/","title":{"rendered":"Catalogue 2021"},"content":{"rendered":"<p>\u00c0 l&rsquo;occasion du salon Cersaie 2021, nous avons le plaisir de pr\u00e9senter notre nouveau catalogue 2021-2022.<\/p>\n<p>Ce catalogue, avec ses nouvelles propositions et pistes de r\u00e9flexion sur les tendances du design, est le fruit de nos quarante ann\u00e9es d\u2019exp\u00e9rience dans le secteur de l\u2019ameublement de salles de bain, un objectif important que nous allons c\u00e9l\u00e9brer avec fiert\u00e9 et enthousiasme.<\/p>\n<p>&nbsp;<\/p>\n<p><a href=\"http:\/\/www.badenhaus.it\/wp-content\/uploads\/2022\/03\/CATALOGO-NUOVE-COLLEZIONI-2021-2022.pdf\">DOWNLOAD THE CATALOGUE<\/a><\/p>\n","protected":false},"excerpt":{"rendered":"<p>\u00c0 l&rsquo;occasion du salon Cersaie 2021, nous avons le plaisir de pr\u00e9senter notre nouveau catalogue 2021-2022.<\/p>\n","protected":false},"author":2,"featured_media":5579,"comment_status":"closed","ping_status":"closed","sticky":false,"template":"","format":"standard","meta":{"footnotes":""},"categories":[42],"tags":[],"class_list":["post-4459","post","type-post","status-publish","format-standard","has-post-thumbnail","hentry","category-nouvelles"],"yoast_head":"<!-- This site is optimized with the Yoast SEO plugin v25.2 - https:\/\/yoast.com\/wordpress\/plugins\/seo\/ -->\n<title>Catalogue 2021 - Baden Haus<\/title>\n<meta name=\"description\" content=\"\u00c0 l&#039;occasion du salon Cersaie 2021, nous avons le plaisir de pr\u00e9senter notre nouveau catalogue 2021-2022.\" \/>\n<meta name=\"robots\" content=\"index, follow, max-snippet:-1, max-image-preview:large, max-video-preview:-1\" \/>\n<link rel=\"canonical\" href=\"https:\/\/www.badenhaus.it\/fr\/catalogue-2021\/\" \/>\n<meta property=\"og:locale\" content=\"fr_FR\" \/>\n<meta property=\"og:type\" content=\"article\" \/>\n<meta property=\"og:title\" content=\"Catalogue 2021 - Baden Haus\" \/>\n<meta property=\"og:description\" content=\"\u00c0 l&#039;occasion du salon Cersaie 2021, nous avons le plaisir de pr\u00e9senter notre nouveau catalogue 2021-2022.\" \/>\n<meta property=\"og:url\" content=\"https:\/\/www.badenhaus.it\/fr\/catalogue-2021\/\" \/>\n<meta property=\"og:site_name\" content=\"Baden Haus\" \/>\n<meta property=\"article:published_time\" content=\"2021-09-27T10:44:00+00:00\" \/>\n<meta property=\"article:modified_time\" content=\"2022-04-10T14:55:01+00:00\" \/>\n<meta property=\"og:image\" content=\"https:\/\/www.badenhaus.it\/wp-content\/uploads\/2021\/09\/CATALOGO2021.jpg\" \/>\n\t<meta property=\"og:image:width\" content=\"1030\" \/>\n\t<meta property=\"og:image:height\" content=\"731\" \/>\n\t<meta property=\"og:image:type\" content=\"image\/jpeg\" \/>\n<meta name=\"author\" content=\"baden-haus\" \/>\n<meta name=\"twitter:card\" content=\"summary_large_image\" \/>\n<meta name=\"twitter:label1\" content=\"\u00c9crit par\" \/>\n\t<meta name=\"twitter:data1\" content=\"baden-haus\" \/>\n<script type=\"application\/ld+json\" class=\"yoast-schema-graph\">{\"@context\":\"https:\/\/schema.org\",\"@graph\":[{\"@type\":\"WebPage\",\"@id\":\"https:\/\/www.badenhaus.it\/fr\/catalogue-2021\/\",\"url\":\"https:\/\/www.badenhaus.it\/fr\/catalogue-2021\/\",\"name\":\"Catalogue 2021 - Baden Haus\",\"isPartOf\":{\"@id\":\"https:\/\/www.badenhaus.it\/fr\/#website\"},\"primaryImageOfPage\":{\"@id\":\"https:\/\/www.badenhaus.it\/fr\/catalogue-2021\/#primaryimage\"},\"image\":{\"@id\":\"https:\/\/www.badenhaus.it\/fr\/catalogue-2021\/#primaryimage\"},\"thumbnailUrl\":\"https:\/\/www.badenhaus.it\/wp-content\/uploads\/2021\/09\/CATALOGO2021.jpg\",\"datePublished\":\"2021-09-27T10:44:00+00:00\",\"dateModified\":\"2022-04-10T14:55:01+00:00\",\"author\":{\"@id\":\"https:\/\/www.badenhaus.it\/fr\/#\/schema\/person\/3f1f22995d4a0a34da32917e73eea54c\"},\"description\":\"\u00c0 l'occasion du salon Cersaie 2021, nous avons le plaisir de pr\u00e9senter notre nouveau catalogue 2021-2022.\",\"breadcrumb\":{\"@id\":\"https:\/\/www.badenhaus.it\/fr\/catalogue-2021\/#breadcrumb\"},\"inLanguage\":\"fr-FR\",\"potentialAction\":[{\"@type\":\"ReadAction\",\"target\":[\"https:\/\/www.badenhaus.it\/fr\/catalogue-2021\/\"]}]},{\"@type\":\"ImageObject\",\"inLanguage\":\"fr-FR\",\"@id\":\"https:\/\/www.badenhaus.it\/fr\/catalogue-2021\/#primaryimage\",\"url\":\"https:\/\/www.badenhaus.it\/wp-content\/uploads\/2021\/09\/CATALOGO2021.jpg\",\"contentUrl\":\"https:\/\/www.badenhaus.it\/wp-content\/uploads\/2021\/09\/CATALOGO2021.jpg\",\"width\":1030,\"height\":731},{\"@type\":\"BreadcrumbList\",\"@id\":\"https:\/\/www.badenhaus.it\/fr\/catalogue-2021\/#breadcrumb\",\"itemListElement\":[{\"@type\":\"ListItem\",\"position\":1,\"name\":\"Home\",\"item\":\"https:\/\/www.badenhaus.it\/fr\/home\/\"},{\"@type\":\"ListItem\",\"position\":2,\"name\":\"Catalogue 2021\"}]},{\"@type\":\"WebSite\",\"@id\":\"https:\/\/www.badenhaus.it\/fr\/#website\",\"url\":\"https:\/\/www.badenhaus.it\/fr\/\",\"name\":\"Baden Haus\",\"description\":\"Produzione mobili da bagno made in Italy\",\"potentialAction\":[{\"@type\":\"SearchAction\",\"target\":{\"@type\":\"EntryPoint\",\"urlTemplate\":\"https:\/\/www.badenhaus.it\/fr\/?s={search_term_string}\"},\"query-input\":{\"@type\":\"PropertyValueSpecification\",\"valueRequired\":true,\"valueName\":\"search_term_string\"}}],\"inLanguage\":\"fr-FR\"},{\"@type\":\"Person\",\"@id\":\"https:\/\/www.badenhaus.it\/fr\/#\/schema\/person\/3f1f22995d4a0a34da32917e73eea54c\",\"name\":\"baden-haus\",\"image\":{\"@type\":\"ImageObject\",\"inLanguage\":\"fr-FR\",\"@id\":\"https:\/\/www.badenhaus.it\/fr\/#\/schema\/person\/image\/\",\"url\":\"https:\/\/secure.gravatar.com\/avatar\/bb137a46e29a4137e61c1c0e4e6f578aff82e0b0877a3dd2fefa645a3a6be453?s=96&d=mm&r=g\",\"contentUrl\":\"https:\/\/secure.gravatar.com\/avatar\/bb137a46e29a4137e61c1c0e4e6f578aff82e0b0877a3dd2fefa645a3a6be453?s=96&d=mm&r=g\",\"caption\":\"baden-haus\"},\"url\":\"https:\/\/www.badenhaus.it\/fr\/author\/baden-haus\/\"}]}<\/script>\n<!-- \/ Yoast SEO plugin. -->","yoast_head_json":{"title":"Catalogue 2021 - Baden Haus","description":"\u00c0 l'occasion du salon Cersaie 2021, nous avons le plaisir de pr\u00e9senter notre nouveau catalogue 2021-2022.","robots":{"index":"index","follow":"follow","max-snippet":"max-snippet:-1","max-image-preview":"max-image-preview:large","max-video-preview":"max-video-preview:-1"},"canonical":"https:\/\/www.badenhaus.it\/fr\/catalogue-2021\/","og_locale":"fr_FR","og_type":"article","og_title":"Catalogue 2021 - Baden Haus","og_description":"\u00c0 l'occasion du salon Cersaie 2021, nous avons le plaisir de pr\u00e9senter notre nouveau catalogue 2021-2022.","og_url":"https:\/\/www.badenhaus.it\/fr\/catalogue-2021\/","og_site_name":"Baden Haus","article_published_time":"2021-09-27T10:44:00+00:00","article_modified_time":"2022-04-10T14:55:01+00:00","og_image":[{"width":1030,"height":731,"url":"https:\/\/www.badenhaus.it\/wp-content\/uploads\/2021\/09\/CATALOGO2021.jpg","type":"image\/jpeg"}],"author":"baden-haus","twitter_card":"summary_large_image","twitter_misc":{"\u00c9crit par":"baden-haus"},"schema":{"@context":"https:\/\/schema.org","@graph":[{"@type":"WebPage","@id":"https:\/\/www.badenhaus.it\/fr\/catalogue-2021\/","url":"https:\/\/www.badenhaus.it\/fr\/catalogue-2021\/","name":"Catalogue 2021 - Baden Haus","isPartOf":{"@id":"https:\/\/www.badenhaus.it\/fr\/#website"},"primaryImageOfPage":{"@id":"https:\/\/www.badenhaus.it\/fr\/catalogue-2021\/#primaryimage"},"image":{"@id":"https:\/\/www.badenhaus.it\/fr\/catalogue-2021\/#primaryimage"},"thumbnailUrl":"https:\/\/www.badenhaus.it\/wp-content\/uploads\/2021\/09\/CATALOGO2021.jpg","datePublished":"2021-09-27T10:44:00+00:00","dateModified":"2022-04-10T14:55:01+00:00","author":{"@id":"https:\/\/www.badenhaus.it\/fr\/#\/schema\/person\/3f1f22995d4a0a34da32917e73eea54c"},"description":"\u00c0 l'occasion du salon Cersaie 2021, nous avons le plaisir de pr\u00e9senter notre nouveau catalogue 2021-2022.","breadcrumb":{"@id":"https:\/\/www.badenhaus.it\/fr\/catalogue-2021\/#breadcrumb"},"inLanguage":"fr-FR","potentialAction":[{"@type":"ReadAction","target":["https:\/\/www.badenhaus.it\/fr\/catalogue-2021\/"]}]},{"@type":"ImageObject","inLanguage":"fr-FR","@id":"https:\/\/www.badenhaus.it\/fr\/catalogue-2021\/#primaryimage","url":"https:\/\/www.badenhaus.it\/wp-content\/uploads\/2021\/09\/CATALOGO2021.jpg","contentUrl":"https:\/\/www.badenhaus.it\/wp-content\/uploads\/2021\/09\/CATALOGO2021.jpg","width":1030,"height":731},{"@type":"BreadcrumbList","@id":"https:\/\/www.badenhaus.it\/fr\/catalogue-2021\/#breadcrumb","itemListElement":[{"@type":"ListItem","position":1,"name":"Home","item":"https:\/\/www.badenhaus.it\/fr\/home\/"},{"@type":"ListItem","position":2,"name":"Catalogue 2021"}]},{"@type":"WebSite","@id":"https:\/\/www.badenhaus.it\/fr\/#website","url":"https:\/\/www.badenhaus.it\/fr\/","name":"Baden Haus","description":"Produzione mobili da bagno made in Italy","potentialAction":[{"@type":"SearchAction","target":{"@type":"EntryPoint","urlTemplate":"https:\/\/www.badenhaus.it\/fr\/?s={search_term_string}"},"query-input":{"@type":"PropertyValueSpecification","valueRequired":true,"valueName":"search_term_string"}}],"inLanguage":"fr-FR"},{"@type":"Person","@id":"https:\/\/www.badenhaus.it\/fr\/#\/schema\/person\/3f1f22995d4a0a34da32917e73eea54c","name":"baden-haus","image":{"@type":"ImageObject","inLanguage":"fr-FR","@id":"https:\/\/www.badenhaus.it\/fr\/#\/schema\/person\/image\/","url":"https:\/\/secure.gravatar.com\/avatar\/bb137a46e29a4137e61c1c0e4e6f578aff82e0b0877a3dd2fefa645a3a6be453?s=96&d=mm&r=g","contentUrl":"https:\/\/secure.gravatar.com\/avatar\/bb137a46e29a4137e61c1c0e4e6f578aff82e0b0877a3dd2fefa645a3a6be453?s=96&d=mm&r=g","caption":"baden-haus"},"url":"https:\/\/www.badenhaus.it\/fr\/author\/baden-haus\/"}]}},"_links":{"self":[{"href":"https:\/\/www.badenhaus.it\/fr\/wp-json\/wp\/v2\/posts\/4459","targetHints":{"allow":["GET"]}}],"collection":[{"href":"https:\/\/www.badenhaus.it\/fr\/wp-json\/wp\/v2\/posts"}],"about":[{"href":"https:\/\/www.badenhaus.it\/fr\/wp-json\/wp\/v2\/types\/post"}],"author":[{"embeddable":true,"href":"https:\/\/www.badenhaus.it\/fr\/wp-json\/wp\/v2\/users\/2"}],"replies":[{"embeddable":true,"href":"https:\/\/www.badenhaus.it\/fr\/wp-json\/wp\/v2\/comments?post=4459"}],"version-history":[{"count":2,"href":"https:\/\/www.badenhaus.it\/fr\/wp-json\/wp\/v2\/posts\/4459\/revisions"}],"predecessor-version":[{"id":5096,"href":"https:\/\/www.badenhaus.it\/fr\/wp-json\/wp\/v2\/posts\/4459\/revisions\/5096"}],"wp:featuredmedia":[{"embeddable":true,"href":"https:\/\/www.badenhaus.it\/fr\/wp-json\/wp\/v2\/media\/5579"}],"wp:attachment":[{"href":"https:\/\/www.badenhaus.it\/fr\/wp-json\/wp\/v2\/media?parent=4459"}],"wp:term":[{"taxonomy":"category","embeddable":true,"href":"https:\/\/www.badenhaus.it\/fr\/wp-json\/wp\/v2\/categories?post=4459"},{"taxonomy":"post_tag","embeddable":true,"href":"https:\/\/www.badenhaus.it\/fr\/wp-json\/wp\/v2\/tags?post=4459"}],"curies":[{"name":"wp","href":"https:\/\/api.w.org\/{rel}","templated":true}]}}